{"id":1811,"date":"2022-04-11T10:34:43","date_gmt":"2022-04-11T08:34:43","guid":{"rendered":"https:\/\/cphilarioneslava.educacion.navarra.es\/web\/?p=1811"},"modified":"2022-04-11T11:52:29","modified_gmt":"2022-04-11T09:52:29","slug":"dia-verde","status":"publish","type":"post","link":"https:\/\/cphilarioneslava.educacion.navarra.es\/web\/blog\/2022\/04\/11\/dia-verde\/","title":{"rendered":"D\u00eda verde"},"content":{"rendered":"\n<div class=\"wp-block-cover alignfull\" style=\"min-height:800px\"><span aria-hidden=\"true\" class=\"has-background-dim-60 wp-block-cover__gradient-background has-background-dim\"><\/span><img class=\"wp-block-cover__image-background\" alt=\"\" src=\"https:\/\/s.w.org\/images\/core\/5.8\/forest.jpg\" data-object-fit=\"cover\"\/><div class=\"wp-block-cover__inner-container\">\n<p>El alumnado de 4\u00ba de Primaria ha participado en el D\u00eda Verde.&nbsp; Se trata de una jornada medioambiental, con un&nbsp;<strong>completo programa de actividades relacionadas con el medioambiente<\/strong>, en la que el alumnado realiz\u00f3 una plantaci\u00f3n de \u00e1rboles en distintas zonas de la cuenca de Pamplona.<\/p>\n\n\n\n<figure class=\"wp-block-image size-large\"><img loading=\"lazy\" width=\"1024\" height=\"768\" src=\"https:\/\/cphilarioneslava.educacion.navarra.es\/web\/wp-content\/uploads\/2022\/04\/IMG_20220406_115154-1024x768.jpg\" alt=\"\" class=\"wp-image-1814\" srcset=\"https:\/\/cphilarioneslava.educacion.navarra.es\/web\/wp-content\/uploads\/2022\/04\/IMG_20220406_115154-1024x768.jpg 1024w, https:\/\/cphilarioneslava.educacion.navarra.es\/web\/wp-content\/uploads\/2022\/04\/IMG_20220406_115154-300x225.jpg 300w, https:\/\/cphilarioneslava.educacion.navarra.es\/web\/wp-content\/uploads\/2022\/04\/IMG_20220406_115154-768x576.jpg 768w, https:\/\/cphilarioneslava.educacion.navarra.es\/web\/wp-content\/uploads\/2022\/04\/IMG_20220406_115154-1536x1152.jpg 1536w, https:\/\/cphilarioneslava.educacion.navarra.es\/web\/wp-content\/uploads\/2022\/04\/IMG_20220406_115154.jpg 1710w\" sizes=\"(max-width: 1024px) 100vw, 1024px\" \/><\/figure>\n\n\n\n<div class=\"wp-block-columns alignwide\">\n<div class=\"wp-block-column\" style=\"flex-basis:55%\">\n<div class=\"wp-block-columns\">\n<div class=\"wp-block-column\" style=\"flex-basis:100%\">\n<figure class=\"wp-block-image size-large\"><img loading=\"lazy\" width=\"1024\" height=\"768\" src=\"https:\/\/cphilarioneslava.educacion.navarra.es\/web\/wp-content\/uploads\/2022\/04\/IMG_20220406_105845-1-1024x768.jpg\" alt=\"\" class=\"wp-image-1820\" srcset=\"https:\/\/cphilarioneslava.educacion.navarra.es\/web\/wp-content\/uploads\/2022\/04\/IMG_20220406_105845-1-1024x768.jpg 1024w, https:\/\/cphilarioneslava.educacion.navarra.es\/web\/wp-content\/uploads\/2022\/04\/IMG_20220406_105845-1-300x225.jpg 300w, https:\/\/cphilarioneslava.educacion.navarra.es\/web\/wp-content\/uploads\/2022\/04\/IMG_20220406_105845-1-768x576.jpg 768w, https:\/\/cphilarioneslava.educacion.navarra.es\/web\/wp-content\/uploads\/2022\/04\/IMG_20220406_105845-1.jpg 1440w\" sizes=\"(max-width: 1024px) 100vw, 1024px\" \/><\/figure>\n\n\n\n<figure class=\"wp-block-image size-large\"><img loading=\"lazy\" width=\"768\" height=\"1024\" src=\"https:\/\/cphilarioneslava.educacion.navarra.es\/web\/wp-content\/uploads\/2022\/04\/IMG_20220406_111604-768x1024.jpg\" alt=\"\" class=\"wp-image-1821\" srcset=\"https:\/\/cphilarioneslava.educacion.navarra.es\/web\/wp-content\/uploads\/2022\/04\/IMG_20220406_111604-768x1024.jpg 768w, https:\/\/cphilarioneslava.educacion.navarra.es\/web\/wp-content\/uploads\/2022\/04\/IMG_20220406_111604-225x300.jpg 225w, https:\/\/cphilarioneslava.educacion.navarra.es\/web\/wp-content\/uploads\/2022\/04\/IMG_20220406_111604.jpg 1148w\" sizes=\"(max-width: 768px) 100vw, 768px\" \/><\/figure>\n\n\n\n<figure class=\"wp-block-image size-large\"><img loading=\"lazy\" width=\"768\" height=\"1024\" src=\"https:\/\/cphilarioneslava.educacion.navarra.es\/web\/wp-content\/uploads\/2022\/04\/IMG_20220406_122853-768x1024.jpg\" alt=\"\" class=\"wp-image-1822\" srcset=\"https:\/\/cphilarioneslava.educacion.navarra.es\/web\/wp-content\/uploads\/2022\/04\/IMG_20220406_122853-768x1024.jpg 768w, https:\/\/cphilarioneslava.educacion.navarra.es\/web\/wp-content\/uploads\/2022\/04\/IMG_20220406_122853-225x300.jpg 225w, https:\/\/cphilarioneslava.educacion.navarra.es\/web\/wp-content\/uploads\/2022\/04\/IMG_20220406_122853-1152x1536.jpg 1152w, https:\/\/cphilarioneslava.educacion.navarra.es\/web\/wp-content\/uploads\/2022\/04\/IMG_20220406_122853.jpg 1215w\" sizes=\"(max-width: 768px) 100vw, 768px\" \/><figcaption>rpt<\/figcaption><\/figure>\n<\/div>\n<\/div>\n<\/div>\n\n\n\n<div class=\"wp-block-column\">\n<figure class=\"wp-block-image size-large\"><img loading=\"lazy\" width=\"768\" height=\"1024\" src=\"https:\/\/cphilarioneslava.educacion.navarra.es\/web\/wp-content\/uploads\/2022\/04\/IMG_20220406_115145-768x1024.jpg\" alt=\"\" class=\"wp-image-1819\" srcset=\"https:\/\/cphilarioneslava.educacion.navarra.es\/web\/wp-content\/uploads\/2022\/04\/IMG_20220406_115145-768x1024.jpg 768w, https:\/\/cphilarioneslava.educacion.navarra.es\/web\/wp-content\/uploads\/2022\/04\/IMG_20220406_115145-225x300.jpg 225w, https:\/\/cphilarioneslava.educacion.navarra.es\/web\/wp-content\/uploads\/2022\/04\/IMG_20220406_115145-1152x1536.jpg 1152w, https:\/\/cphilarioneslava.educacion.navarra.es\/web\/wp-content\/uploads\/2022\/04\/IMG_20220406_115145.jpg 1500w\" sizes=\"(max-width: 768px) 100vw, 768px\" \/><\/figure>\n\n\n\n<figure class=\"wp-block-image size-large\"><img loading=\"lazy\" width=\"1024\" height=\"792\" src=\"https:\/\/cphilarioneslava.educacion.navarra.es\/web\/wp-content\/uploads\/2022\/04\/IMG_20220406_114800_edit_433691948297884-1-1024x792.jpg\" alt=\"\" class=\"wp-image-1818\" srcset=\"https:\/\/cphilarioneslava.educacion.navarra.es\/web\/wp-content\/uploads\/2022\/04\/IMG_20220406_114800_edit_433691948297884-1-1024x792.jpg 1024w, https:\/\/cphilarioneslava.educacion.navarra.es\/web\/wp-content\/uploads\/2022\/04\/IMG_20220406_114800_edit_433691948297884-1-300x232.jpg 300w, https:\/\/cphilarioneslava.educacion.navarra.es\/web\/wp-content\/uploads\/2022\/04\/IMG_20220406_114800_edit_433691948297884-1-768x594.jpg 768w, https:\/\/cphilarioneslava.educacion.navarra.es\/web\/wp-content\/uploads\/2022\/04\/IMG_20220406_114800_edit_433691948297884-1-1536x1187.jpg 1536w, https:\/\/cphilarioneslava.educacion.navarra.es\/web\/wp-content\/uploads\/2022\/04\/IMG_20220406_114800_edit_433691948297884-1-2048x1583.jpg 2048w\" sizes=\"(max-width: 1024px) 100vw, 1024px\" \/><\/figure>\n\n\n\n<figure class=\"wp-block-image size-large\"><img loading=\"lazy\" width=\"768\" height=\"1024\" src=\"https:\/\/cphilarioneslava.educacion.navarra.es\/web\/wp-content\/uploads\/2022\/04\/IMG_20220406_114912-768x1024.jpg\" alt=\"\" class=\"wp-image-1817\" srcset=\"https:\/\/cphilarioneslava.educacion.navarra.es\/web\/wp-content\/uploads\/2022\/04\/IMG_20220406_114912-768x1024.jpg 768w, https:\/\/cphilarioneslava.educacion.navarra.es\/web\/wp-content\/uploads\/2022\/04\/IMG_20220406_114912-225x300.jpg 225w, https:\/\/cphilarioneslava.educacion.navarra.es\/web\/wp-content\/uploads\/2022\/04\/IMG_20220406_114912-1152x1536.jpg 1152w, https:\/\/cphilarioneslava.educacion.navarra.es\/web\/wp-content\/uploads\/2022\/04\/IMG_20220406_114912-1536x2048.jpg 1536w, https:\/\/cphilarioneslava.educacion.navarra.es\/web\/wp-content\/uploads\/2022\/04\/IMG_20220406_114912.jpg 1568w\" sizes=\"(max-width: 768px) 100vw, 768px\" \/><\/figure>\n<\/div>\n<\/div>\n<\/div><\/div>\n","protected":false},"excerpt":{"rendered":"","protected":false},"author":1,"featured_media":1812,"comment_status":"open","ping_status":"open","sticky":false,"template":"","format":"standard","meta":{"_genesis_hide_title":false,"_genesis_hide_breadcrumbs":false,"_genesis_hide_singular_image":false,"_genesis_hide_footer_widgets":false,"_genesis_custom_body_class":"","_genesis_custom_post_class":"","_genesis_layout":""},"categories":[1],"tags":[],"_links":{"self":[{"href":"https:\/\/cphilarioneslava.educacion.navarra.es\/web\/wp-json\/wp\/v2\/posts\/1811"}],"collection":[{"href":"https:\/\/cphilarioneslava.educacion.navarra.es\/web\/wp-json\/wp\/v2\/posts"}],"about":[{"href":"https:\/\/cphilarioneslava.educacion.navarra.es\/web\/wp-json\/wp\/v2\/types\/post"}],"author":[{"embeddable":true,"href":"https:\/\/cphilarioneslava.educacion.navarra.es\/web\/wp-json\/wp\/v2\/users\/1"}],"replies":[{"embeddable":true,"href":"https:\/\/cphilarioneslava.educacion.navarra.es\/web\/wp-json\/wp\/v2\/comments?post=1811"}],"version-history":[{"count":4,"href":"https:\/\/cphilarioneslava.educacion.navarra.es\/web\/wp-json\/wp\/v2\/posts\/1811\/revisions"}],"predecessor-version":[{"id":1826,"href":"https:\/\/cphilarioneslava.educacion.navarra.es\/web\/wp-json\/wp\/v2\/posts\/1811\/revisions\/1826"}],"wp:featuredmedia":[{"embeddable":true,"href":"https:\/\/cphilarioneslava.educacion.navarra.es\/web\/wp-json\/wp\/v2\/media\/1812"}],"wp:attachment":[{"href":"https:\/\/cphilarioneslava.educacion.navarra.es\/web\/wp-json\/wp\/v2\/media?parent=1811"}],"wp:term":[{"taxonomy":"category","embeddable":true,"href":"https:\/\/cphilarioneslava.educacion.navarra.es\/web\/wp-json\/wp\/v2\/categories?post=1811"},{"taxonomy":"post_tag","embeddable":true,"href":"https:\/\/cphilarioneslava.educacion.navarra.es\/web\/wp-json\/wp\/v2\/tags?post=1811"}],"curies":[{"name":"wp","href":"https:\/\/api.w.org\/{rel}","templated":true}]}}