{"id":2459,"date":"2023-06-28T13:04:42","date_gmt":"2023-06-28T11:04:42","guid":{"rendered":"https:\/\/cphilarioneslava.educacion.navarra.es\/web\/?p=2459"},"modified":"2023-06-28T13:05:56","modified_gmt":"2023-06-28T11:05:56","slug":"museo-peru-harri","status":"publish","type":"post","link":"https:\/\/cphilarioneslava.educacion.navarra.es\/web\/blog\/2023\/06\/28\/museo-peru-harri\/","title":{"rendered":"Museo Peru-Harri"},"content":{"rendered":"\n<p>El alumnado de primer ciclo ha visitado Peru-Harri, el museo que la familia Perurena tiene en Leitza. Un espacio que homenajea a la piedra, los Herri-Kirolak (deportes rurales) y muchos otros aspectos que forman parte de la identidad del pueblo vasco. Han conocido m\u00e1s acerca de I\u00f1aki Perurena, toda una leyenda en Euskal Herria. I\u00f1aki, adem\u00e1s de ser conocido como el padre del levantamiento de piedra moderno, tambi\u00e9n es conocido por su faceta de actor. <\/p>\n\n\n\n<div class=\"wp-block-image\"><figure class=\"alignleft size-large is-resized\"><img loading=\"lazy\" src=\"https:\/\/cphilarioneslava.educacion.navarra.es\/web\/wp-content\/uploads\/2023\/06\/WhatsApp-Image-2023-06-15-at-13.38.56-2-1024x771.jpeg\" alt=\"\" class=\"wp-image-2461\" width=\"447\" height=\"336\" srcset=\"https:\/\/cphilarioneslava.educacion.navarra.es\/web\/wp-content\/uploads\/2023\/06\/WhatsApp-Image-2023-06-15-at-13.38.56-2-1024x771.jpeg 1024w, https:\/\/cphilarioneslava.educacion.navarra.es\/web\/wp-content\/uploads\/2023\/06\/WhatsApp-Image-2023-06-15-at-13.38.56-2-300x226.jpeg 300w, https:\/\/cphilarioneslava.educacion.navarra.es\/web\/wp-content\/uploads\/2023\/06\/WhatsApp-Image-2023-06-15-at-13.38.56-2-768x578.jpeg 768w, https:\/\/cphilarioneslava.educacion.navarra.es\/web\/wp-content\/uploads\/2023\/06\/WhatsApp-Image-2023-06-15-at-13.38.56-2-1536x1157.jpeg 1536w, https:\/\/cphilarioneslava.educacion.navarra.es\/web\/wp-content\/uploads\/2023\/06\/WhatsApp-Image-2023-06-15-at-13.38.56-2.jpeg 2040w\" sizes=\"(max-width: 447px) 100vw, 447px\" \/><\/figure><\/div>\n\n\n\n<figure class=\"wp-block-image size-large is-resized\"><img loading=\"lazy\" src=\"https:\/\/cphilarioneslava.educacion.navarra.es\/web\/wp-content\/uploads\/2023\/06\/WhatsApp-Image-2023-06-15-at-13.38.57-1024x771.jpeg\" alt=\"\" class=\"wp-image-2462\" width=\"464\" height=\"349\" srcset=\"https:\/\/cphilarioneslava.educacion.navarra.es\/web\/wp-content\/uploads\/2023\/06\/WhatsApp-Image-2023-06-15-at-13.38.57-1024x771.jpeg 1024w, https:\/\/cphilarioneslava.educacion.navarra.es\/web\/wp-content\/uploads\/2023\/06\/WhatsApp-Image-2023-06-15-at-13.38.57-300x226.jpeg 300w, https:\/\/cphilarioneslava.educacion.navarra.es\/web\/wp-content\/uploads\/2023\/06\/WhatsApp-Image-2023-06-15-at-13.38.57-768x578.jpeg 768w, https:\/\/cphilarioneslava.educacion.navarra.es\/web\/wp-content\/uploads\/2023\/06\/WhatsApp-Image-2023-06-15-at-13.38.57-1536x1157.jpeg 1536w, https:\/\/cphilarioneslava.educacion.navarra.es\/web\/wp-content\/uploads\/2023\/06\/WhatsApp-Image-2023-06-15-at-13.38.57.jpeg 2040w\" sizes=\"(max-width: 464px) 100vw, 464px\" \/><\/figure>\n\n\n\n<div class=\"wp-block-image\"><figure class=\"alignleft size-large is-resized\"><img loading=\"lazy\" src=\"https:\/\/cphilarioneslava.educacion.navarra.es\/web\/wp-content\/uploads\/2023\/06\/WhatsApp-Image-2023-06-15-at-13.38.35-1024x771.jpeg\" alt=\"\" class=\"wp-image-2463\" width=\"444\" height=\"334\" srcset=\"https:\/\/cphilarioneslava.educacion.navarra.es\/web\/wp-content\/uploads\/2023\/06\/WhatsApp-Image-2023-06-15-at-13.38.35-1024x771.jpeg 1024w, https:\/\/cphilarioneslava.educacion.navarra.es\/web\/wp-content\/uploads\/2023\/06\/WhatsApp-Image-2023-06-15-at-13.38.35-300x226.jpeg 300w, https:\/\/cphilarioneslava.educacion.navarra.es\/web\/wp-content\/uploads\/2023\/06\/WhatsApp-Image-2023-06-15-at-13.38.35-768x578.jpeg 768w, https:\/\/cphilarioneslava.educacion.navarra.es\/web\/wp-content\/uploads\/2023\/06\/WhatsApp-Image-2023-06-15-at-13.38.35-1536x1157.jpeg 1536w, https:\/\/cphilarioneslava.educacion.navarra.es\/web\/wp-content\/uploads\/2023\/06\/WhatsApp-Image-2023-06-15-at-13.38.35.jpeg 2040w\" sizes=\"(max-width: 444px) 100vw, 444px\" \/><\/figure><\/div>\n\n\n\n<figure class=\"wp-block-image size-large is-resized\"><img loading=\"lazy\" src=\"https:\/\/cphilarioneslava.educacion.navarra.es\/web\/wp-content\/uploads\/2023\/06\/WhatsApp-Image-2023-06-15-at-13.38.57-1-771x1024.jpeg\" alt=\"\" class=\"wp-image-2464\" width=\"437\" height=\"580\" srcset=\"https:\/\/cphilarioneslava.educacion.navarra.es\/web\/wp-content\/uploads\/2023\/06\/WhatsApp-Image-2023-06-15-at-13.38.57-1-771x1024.jpeg 771w, https:\/\/cphilarioneslava.educacion.navarra.es\/web\/wp-content\/uploads\/2023\/06\/WhatsApp-Image-2023-06-15-at-13.38.57-1-226x300.jpeg 226w, https:\/\/cphilarioneslava.educacion.navarra.es\/web\/wp-content\/uploads\/2023\/06\/WhatsApp-Image-2023-06-15-at-13.38.57-1-768x1020.jpeg 768w, https:\/\/cphilarioneslava.educacion.navarra.es\/web\/wp-content\/uploads\/2023\/06\/WhatsApp-Image-2023-06-15-at-13.38.57-1-1157x1536.jpeg 1157w, https:\/\/cphilarioneslava.educacion.navarra.es\/web\/wp-content\/uploads\/2023\/06\/WhatsApp-Image-2023-06-15-at-13.38.57-1.jpeg 1536w\" sizes=\"(max-width: 437px) 100vw, 437px\" \/><\/figure>\n\n\n\n<p>Y qu\u00e9 sorpresa cuando les ha recibido el propio I\u00f1aki en su baserri de Leitza. Este carnicero y ganadero navarro, ha dedicado gran parte de su vida a la piedra. Y es que, levantar piedras, ha sido la gran pasi\u00f3n de su vida. Y los ni\u00f1os y ni\u00f1as han disfrutado hoy de un poquito de la vida de I\u00f1aki. <\/p>\n\n\n\n<figure class=\"wp-block-image size-large is-resized\"><img loading=\"lazy\" src=\"https:\/\/cphilarioneslava.educacion.navarra.es\/web\/wp-content\/uploads\/2023\/06\/WhatsApp-Image-2023-06-15-at-13.38.56-1-1024x771.jpeg\" alt=\"\" class=\"wp-image-2465\" width=\"886\" height=\"667\" srcset=\"https:\/\/cphilarioneslava.educacion.navarra.es\/web\/wp-content\/uploads\/2023\/06\/WhatsApp-Image-2023-06-15-at-13.38.56-1-1024x771.jpeg 1024w, https:\/\/cphilarioneslava.educacion.navarra.es\/web\/wp-content\/uploads\/2023\/06\/WhatsApp-Image-2023-06-15-at-13.38.56-1-300x226.jpeg 300w, https:\/\/cphilarioneslava.educacion.navarra.es\/web\/wp-content\/uploads\/2023\/06\/WhatsApp-Image-2023-06-15-at-13.38.56-1-768x578.jpeg 768w, https:\/\/cphilarioneslava.educacion.navarra.es\/web\/wp-content\/uploads\/2023\/06\/WhatsApp-Image-2023-06-15-at-13.38.56-1-1536x1157.jpeg 1536w, https:\/\/cphilarioneslava.educacion.navarra.es\/web\/wp-content\/uploads\/2023\/06\/WhatsApp-Image-2023-06-15-at-13.38.56-1.jpeg 2040w\" sizes=\"(max-width: 886px) 100vw, 886px\" \/><\/figure>\n\n\n\n<div class=\"wp-block-image\"><figure class=\"alignleft size-large is-resized\"><img loading=\"lazy\" src=\"https:\/\/cphilarioneslava.educacion.navarra.es\/web\/wp-content\/uploads\/2023\/06\/WhatsApp-Image-2023-06-15-at-13.38.37-1024x771.jpeg\" alt=\"\" class=\"wp-image-2466\" width=\"472\" height=\"355\" srcset=\"https:\/\/cphilarioneslava.educacion.navarra.es\/web\/wp-content\/uploads\/2023\/06\/WhatsApp-Image-2023-06-15-at-13.38.37-1024x771.jpeg 1024w, https:\/\/cphilarioneslava.educacion.navarra.es\/web\/wp-content\/uploads\/2023\/06\/WhatsApp-Image-2023-06-15-at-13.38.37-300x226.jpeg 300w, https:\/\/cphilarioneslava.educacion.navarra.es\/web\/wp-content\/uploads\/2023\/06\/WhatsApp-Image-2023-06-15-at-13.38.37-768x578.jpeg 768w, https:\/\/cphilarioneslava.educacion.navarra.es\/web\/wp-content\/uploads\/2023\/06\/WhatsApp-Image-2023-06-15-at-13.38.37-1536x1157.jpeg 1536w, https:\/\/cphilarioneslava.educacion.navarra.es\/web\/wp-content\/uploads\/2023\/06\/WhatsApp-Image-2023-06-15-at-13.38.37.jpeg 2040w\" sizes=\"(max-width: 472px) 100vw, 472px\" \/><\/figure><\/div>\n\n\n\n<figure class=\"wp-block-image size-large is-resized\"><img loading=\"lazy\" src=\"https:\/\/cphilarioneslava.educacion.navarra.es\/web\/wp-content\/uploads\/2023\/06\/WhatsApp-Image-2023-06-15-at-13.38.38-4-771x1024.jpeg\" alt=\"\" class=\"wp-image-2467\" width=\"394\" height=\"523\" srcset=\"https:\/\/cphilarioneslava.educacion.navarra.es\/web\/wp-content\/uploads\/2023\/06\/WhatsApp-Image-2023-06-15-at-13.38.38-4-771x1024.jpeg 771w, https:\/\/cphilarioneslava.educacion.navarra.es\/web\/wp-content\/uploads\/2023\/06\/WhatsApp-Image-2023-06-15-at-13.38.38-4-226x300.jpeg 226w, https:\/\/cphilarioneslava.educacion.navarra.es\/web\/wp-content\/uploads\/2023\/06\/WhatsApp-Image-2023-06-15-at-13.38.38-4-768x1020.jpeg 768w, https:\/\/cphilarioneslava.educacion.navarra.es\/web\/wp-content\/uploads\/2023\/06\/WhatsApp-Image-2023-06-15-at-13.38.38-4-1157x1536.jpeg 1157w, https:\/\/cphilarioneslava.educacion.navarra.es\/web\/wp-content\/uploads\/2023\/06\/WhatsApp-Image-2023-06-15-at-13.38.38-4.jpeg 1536w\" sizes=\"(max-width: 394px) 100vw, 394px\" \/><\/figure>\n\n\n\n<div class=\"wp-block-image\"><figure class=\"alignleft size-large is-resized\"><img loading=\"lazy\" src=\"https:\/\/cphilarioneslava.educacion.navarra.es\/web\/wp-content\/uploads\/2023\/06\/WhatsApp-Image-2023-06-15-at-13.38.56-1024x771.jpeg\" alt=\"\" class=\"wp-image-2468\" width=\"478\" height=\"360\" srcset=\"https:\/\/cphilarioneslava.educacion.navarra.es\/web\/wp-content\/uploads\/2023\/06\/WhatsApp-Image-2023-06-15-at-13.38.56-1024x771.jpeg 1024w, https:\/\/cphilarioneslava.educacion.navarra.es\/web\/wp-content\/uploads\/2023\/06\/WhatsApp-Image-2023-06-15-at-13.38.56-300x226.jpeg 300w, https:\/\/cphilarioneslava.educacion.navarra.es\/web\/wp-content\/uploads\/2023\/06\/WhatsApp-Image-2023-06-15-at-13.38.56-768x578.jpeg 768w, https:\/\/cphilarioneslava.educacion.navarra.es\/web\/wp-content\/uploads\/2023\/06\/WhatsApp-Image-2023-06-15-at-13.38.56-1536x1157.jpeg 1536w, https:\/\/cphilarioneslava.educacion.navarra.es\/web\/wp-content\/uploads\/2023\/06\/WhatsApp-Image-2023-06-15-at-13.38.56.jpeg 2040w\" sizes=\"(max-width: 478px) 100vw, 478px\" \/><\/figure><\/div>\n\n\n\n<figure class=\"wp-block-image size-large is-resized\"><img loading=\"lazy\" src=\"https:\/\/cphilarioneslava.educacion.navarra.es\/web\/wp-content\/uploads\/2023\/06\/WhatsApp-Image-2023-06-15-at-13.38.57-2-1-1024x771.jpeg\" alt=\"\" class=\"wp-image-2470\" width=\"491\" height=\"369\" srcset=\"https:\/\/cphilarioneslava.educacion.navarra.es\/web\/wp-content\/uploads\/2023\/06\/WhatsApp-Image-2023-06-15-at-13.38.57-2-1-1024x771.jpeg 1024w, https:\/\/cphilarioneslava.educacion.navarra.es\/web\/wp-content\/uploads\/2023\/06\/WhatsApp-Image-2023-06-15-at-13.38.57-2-1-300x226.jpeg 300w, https:\/\/cphilarioneslava.educacion.navarra.es\/web\/wp-content\/uploads\/2023\/06\/WhatsApp-Image-2023-06-15-at-13.38.57-2-1-768x578.jpeg 768w, https:\/\/cphilarioneslava.educacion.navarra.es\/web\/wp-content\/uploads\/2023\/06\/WhatsApp-Image-2023-06-15-at-13.38.57-2-1-1536x1157.jpeg 1536w, https:\/\/cphilarioneslava.educacion.navarra.es\/web\/wp-content\/uploads\/2023\/06\/WhatsApp-Image-2023-06-15-at-13.38.57-2-1.jpeg 2040w\" sizes=\"(max-width: 491px) 100vw, 491px\" \/><\/figure>\n\n\n\n<div class=\"wp-block-image\"><figure class=\"alignleft size-large is-resized\"><img loading=\"lazy\" src=\"https:\/\/cphilarioneslava.educacion.navarra.es\/web\/wp-content\/uploads\/2023\/06\/WhatsApp-Image-2023-06-15-at-13.38.32-771x1024.jpeg\" alt=\"\" class=\"wp-image-2471\" width=\"447\" height=\"594\" srcset=\"https:\/\/cphilarioneslava.educacion.navarra.es\/web\/wp-content\/uploads\/2023\/06\/WhatsApp-Image-2023-06-15-at-13.38.32-771x1024.jpeg 771w, https:\/\/cphilarioneslava.educacion.navarra.es\/web\/wp-content\/uploads\/2023\/06\/WhatsApp-Image-2023-06-15-at-13.38.32-226x300.jpeg 226w, https:\/\/cphilarioneslava.educacion.navarra.es\/web\/wp-content\/uploads\/2023\/06\/WhatsApp-Image-2023-06-15-at-13.38.32-768x1020.jpeg 768w, https:\/\/cphilarioneslava.educacion.navarra.es\/web\/wp-content\/uploads\/2023\/06\/WhatsApp-Image-2023-06-15-at-13.38.32-1157x1536.jpeg 1157w, https:\/\/cphilarioneslava.educacion.navarra.es\/web\/wp-content\/uploads\/2023\/06\/WhatsApp-Image-2023-06-15-at-13.38.32.jpeg 1536w\" sizes=\"(max-width: 447px) 100vw, 447px\" \/><\/figure><\/div>\n\n\n\n<figure class=\"wp-block-image size-large is-resized\"><img loading=\"lazy\" src=\"https:\/\/cphilarioneslava.educacion.navarra.es\/web\/wp-content\/uploads\/2023\/06\/WhatsApp-Image-2023-06-15-at-13.38.28-771x1024.jpeg\" alt=\"\" class=\"wp-image-2472\" width=\"455\" height=\"603\" srcset=\"https:\/\/cphilarioneslava.educacion.navarra.es\/web\/wp-content\/uploads\/2023\/06\/WhatsApp-Image-2023-06-15-at-13.38.28-771x1024.jpeg 771w, https:\/\/cphilarioneslava.educacion.navarra.es\/web\/wp-content\/uploads\/2023\/06\/WhatsApp-Image-2023-06-15-at-13.38.28-226x300.jpeg 226w, https:\/\/cphilarioneslava.educacion.navarra.es\/web\/wp-content\/uploads\/2023\/06\/WhatsApp-Image-2023-06-15-at-13.38.28-768x1020.jpeg 768w, https:\/\/cphilarioneslava.educacion.navarra.es\/web\/wp-content\/uploads\/2023\/06\/WhatsApp-Image-2023-06-15-at-13.38.28-1157x1536.jpeg 1157w, https:\/\/cphilarioneslava.educacion.navarra.es\/web\/wp-content\/uploads\/2023\/06\/WhatsApp-Image-2023-06-15-at-13.38.28.jpeg 1536w\" sizes=\"(max-width: 455px) 100vw, 455px\" \/><\/figure>\n","protected":false},"excerpt":{"rendered":"<p>El alumnado de primer ciclo ha visitado Peru-Harri, el museo que la familia Perurena tiene en Leitza. Un espacio que homenajea a la piedra, los Herri-Kirolak (deportes rurales) y muchos otros aspectos que forman parte de la identidad del pueblo vasco. Han conocido m\u00e1s acerca de I\u00f1aki Perurena, toda una leyenda en Euskal Herria. I\u00f1aki, [&hellip;]<\/p>\n","protected":false},"author":1,"featured_media":0,"comment_status":"open","ping_status":"open","sticky":false,"template":"","format":"standard","meta":{"_genesis_hide_title":false,"_genesis_hide_breadcrumbs":false,"_genesis_hide_singular_image":false,"_genesis_hide_footer_widgets":false,"_genesis_custom_body_class":"","_genesis_custom_post_class":"","_genesis_layout":""},"categories":[1],"tags":[],"_links":{"self":[{"href":"https:\/\/cphilarioneslava.educacion.navarra.es\/web\/wp-json\/wp\/v2\/posts\/2459"}],"collection":[{"href":"https:\/\/cphilarioneslava.educacion.navarra.es\/web\/wp-json\/wp\/v2\/posts"}],"about":[{"href":"https:\/\/cphilarioneslava.educacion.navarra.es\/web\/wp-json\/wp\/v2\/types\/post"}],"author":[{"embeddable":true,"href":"https:\/\/cphilarioneslava.educacion.navarra.es\/web\/wp-json\/wp\/v2\/users\/1"}],"replies":[{"embeddable":true,"href":"https:\/\/cphilarioneslava.educacion.navarra.es\/web\/wp-json\/wp\/v2\/comments?post=2459"}],"version-history":[{"count":3,"href":"https:\/\/cphilarioneslava.educacion.navarra.es\/web\/wp-json\/wp\/v2\/posts\/2459\/revisions"}],"predecessor-version":[{"id":2474,"href":"https:\/\/cphilarioneslava.educacion.navarra.es\/web\/wp-json\/wp\/v2\/posts\/2459\/revisions\/2474"}],"wp:attachment":[{"href":"https:\/\/cphilarioneslava.educacion.navarra.es\/web\/wp-json\/wp\/v2\/media?parent=2459"}],"wp:term":[{"taxonomy":"category","embeddable":true,"href":"https:\/\/cphilarioneslava.educacion.navarra.es\/web\/wp-json\/wp\/v2\/categories?post=2459"},{"taxonomy":"post_tag","embeddable":true,"href":"https:\/\/cphilarioneslava.educacion.navarra.es\/web\/wp-json\/wp\/v2\/tags?post=2459"}],"curies":[{"name":"wp","href":"https:\/\/api.w.org\/{rel}","templated":true}]}}