{"id":2876,"date":"2024-04-25T09:24:29","date_gmt":"2024-04-25T07:24:29","guid":{"rendered":"https:\/\/cphilarioneslava.educacion.navarra.es\/web\/?p=2876"},"modified":"2024-04-25T09:28:20","modified_gmt":"2024-04-25T07:28:20","slug":"dia-del-libro","status":"publish","type":"post","link":"https:\/\/cphilarioneslava.educacion.navarra.es\/web\/blog\/2024\/04\/25\/dia-del-libro\/","title":{"rendered":"D\u00eda del Libro"},"content":{"rendered":"\n<p>El&nbsp;<strong>D\u00eda del Libro<\/strong>&nbsp;es una fecha muy especial, que se celebra el 23 de abril en la mayor\u00eda de los pa\u00edses. En este d\u00eda se<strong>&nbsp;celebra la importancia de la lectura y los libros en nuestras vidas.<\/strong>&nbsp;En nuestro colegio, esta celebraci\u00f3n suele ser especialmente emocionante, ya que se realizan diversas&nbsp;<strong>actividades para fomentar la lectura entre nuestros ni\u00f1os y ni\u00f1as<\/strong>&nbsp;y acercarlos al maravilloso mundo de los libros. Para ello, se han elaborado distintos talleres a lo largo de la semana. Una de las actividades m\u00e1s bonitas y en la que m\u00e1s disfrutan es la lectura compartida entre mayores y peque\u00f1os.<\/p>\n\n\n\n<p>Adem\u00e1s, este a\u00f1o, hemos podido disfrutar de la compa\u00f1\u00eda de varias familias que nos han acompa\u00f1ado y nos han le\u00eddo un libro en el aula.<\/p>\n\n\n\n<p>Durante los pr\u00f3ximos d\u00edas podr\u00e9is ver en el colegio diferentes collages en el que los ni\u00f1os y ni\u00f1as nos recomiendan sus libros preferidos.<\/p>\n\n\n\n<p><strong>La celebraci\u00f3n del D\u00eda del Libro se inici\u00f3 en Espa\u00f1a en 1926, en homenaje a Miguel de Cervantes, quien falleci\u00f3 en esa fecha en el a\u00f1o 1616<\/strong>. Desde entonces, se ha convertido en una festividad global que se celebra en todo el mundo, con el objetivo de fomentar la cultura y la educaci\u00f3n a trav\u00e9s de la lectura.<\/p>\n\n\n\n<figure class=\"wp-block-embed is-type-video is-provider-youtube wp-block-embed-youtube wp-embed-aspect-16-9 wp-has-aspect-ratio\"><div class=\"wp-block-embed__wrapper\">\n<iframe loading=\"lazy\" title=\"D\u00eda del libro 2024\" width=\"500\" height=\"281\" src=\"https:\/\/www.youtube.com\/embed\/qyAaVreWttw?feature=oembed\" frameborder=\"0\" allow=\"accelerometer; autoplay; clipboard-write; encrypted-media; gyroscope; picture-in-picture; web-share\" referrerpolicy=\"strict-origin-when-cross-origin\" allowfullscreen><\/iframe>\n<\/div><\/figure>\n\n\n\n<figure class=\"wp-block-gallery has-nested-images columns-default is-cropped\">\n<figure class=\"wp-block-image size-large\"><img loading=\"lazy\" width=\"1000\" height=\"462\" data-id=\"2880\"  src=\"https:\/\/cphilarioneslava.educacion.navarra.es\/web\/wp-content\/uploads\/2024\/04\/20240422_093341.jpg\" alt=\"\" class=\"wp-image-2880\" srcset=\"https:\/\/cphilarioneslava.educacion.navarra.es\/web\/wp-content\/uploads\/2024\/04\/20240422_093341.jpg 1000w, https:\/\/cphilarioneslava.educacion.navarra.es\/web\/wp-content\/uploads\/2024\/04\/20240422_093341-300x139.jpg 300w, https:\/\/cphilarioneslava.educacion.navarra.es\/web\/wp-content\/uploads\/2024\/04\/20240422_093341-768x355.jpg 768w\" sizes=\"(max-width: 1000px) 100vw, 1000px\" \/><\/figure>\n\n\n\n<figure class=\"wp-block-image size-large\"><img loading=\"lazy\" width=\"1000\" height=\"462\" data-id=\"2882\"  src=\"https:\/\/cphilarioneslava.educacion.navarra.es\/web\/wp-content\/uploads\/2024\/04\/20240422_092324.jpg\" alt=\"\" class=\"wp-image-2882\" srcset=\"https:\/\/cphilarioneslava.educacion.navarra.es\/web\/wp-content\/uploads\/2024\/04\/20240422_092324.jpg 1000w, https:\/\/cphilarioneslava.educacion.navarra.es\/web\/wp-content\/uploads\/2024\/04\/20240422_092324-300x139.jpg 300w, https:\/\/cphilarioneslava.educacion.navarra.es\/web\/wp-content\/uploads\/2024\/04\/20240422_092324-768x355.jpg 768w\" sizes=\"(max-width: 1000px) 100vw, 1000px\" \/><\/figure>\n\n\n\n<figure class=\"wp-block-image size-large\"><img loading=\"lazy\" width=\"1000\" height=\"462\" data-id=\"2879\"  src=\"https:\/\/cphilarioneslava.educacion.navarra.es\/web\/wp-content\/uploads\/2024\/04\/20240423_104554.jpg\" alt=\"\" class=\"wp-image-2879\" srcset=\"https:\/\/cphilarioneslava.educacion.navarra.es\/web\/wp-content\/uploads\/2024\/04\/20240423_104554.jpg 1000w, https:\/\/cphilarioneslava.educacion.navarra.es\/web\/wp-content\/uploads\/2024\/04\/20240423_104554-300x139.jpg 300w, https:\/\/cphilarioneslava.educacion.navarra.es\/web\/wp-content\/uploads\/2024\/04\/20240423_104554-768x355.jpg 768w\" sizes=\"(max-width: 1000px) 100vw, 1000px\" \/><\/figure>\n\n\n\n<figure class=\"wp-block-image size-large\"><img loading=\"lazy\" width=\"1024\" height=\"768\" data-id=\"2883\"  src=\"https:\/\/cphilarioneslava.educacion.navarra.es\/web\/wp-content\/uploads\/2024\/04\/20240423_132251-1024x768.jpg\" alt=\"\" class=\"wp-image-2883\" srcset=\"https:\/\/cphilarioneslava.educacion.navarra.es\/web\/wp-content\/uploads\/2024\/04\/20240423_132251-1024x768.jpg 1024w, https:\/\/cphilarioneslava.educacion.navarra.es\/web\/wp-content\/uploads\/2024\/04\/20240423_132251-300x225.jpg 300w, https:\/\/cphilarioneslava.educacion.navarra.es\/web\/wp-content\/uploads\/2024\/04\/20240423_132251-768x576.jpg 768w, https:\/\/cphilarioneslava.educacion.navarra.es\/web\/wp-content\/uploads\/2024\/04\/20240423_132251.jpg 1156w\" sizes=\"(max-width: 1024px) 100vw, 1024px\" \/><\/figure>\n\n\n\n<figure class=\"wp-block-image size-large\"><img loading=\"lazy\" width=\"1024\" height=\"768\" data-id=\"2878\"  src=\"https:\/\/cphilarioneslava.educacion.navarra.es\/web\/wp-content\/uploads\/2024\/04\/20240423_132255-1024x768.jpg\" alt=\"\" class=\"wp-image-2878\" srcset=\"https:\/\/cphilarioneslava.educacion.navarra.es\/web\/wp-content\/uploads\/2024\/04\/20240423_132255-1024x768.jpg 1024w, https:\/\/cphilarioneslava.educacion.navarra.es\/web\/wp-content\/uploads\/2024\/04\/20240423_132255-300x225.jpg 300w, https:\/\/cphilarioneslava.educacion.navarra.es\/web\/wp-content\/uploads\/2024\/04\/20240423_132255-768x576.jpg 768w, https:\/\/cphilarioneslava.educacion.navarra.es\/web\/wp-content\/uploads\/2024\/04\/20240423_132255.jpg 1156w\" sizes=\"(max-width: 1024px) 100vw, 1024px\" \/><\/figure>\n\n\n\n<figure class=\"wp-block-image size-large\"><img loading=\"lazy\" width=\"1024\" height=\"768\" data-id=\"2884\"  src=\"https:\/\/cphilarioneslava.educacion.navarra.es\/web\/wp-content\/uploads\/2024\/04\/20240423_132334-1024x768.jpg\" alt=\"\" class=\"wp-image-2884\" srcset=\"https:\/\/cphilarioneslava.educacion.navarra.es\/web\/wp-content\/uploads\/2024\/04\/20240423_132334-1024x768.jpg 1024w, https:\/\/cphilarioneslava.educacion.navarra.es\/web\/wp-content\/uploads\/2024\/04\/20240423_132334-300x225.jpg 300w, https:\/\/cphilarioneslava.educacion.navarra.es\/web\/wp-content\/uploads\/2024\/04\/20240423_132334-768x576.jpg 768w, https:\/\/cphilarioneslava.educacion.navarra.es\/web\/wp-content\/uploads\/2024\/04\/20240423_132334.jpg 1156w\" sizes=\"(max-width: 1024px) 100vw, 1024px\" \/><\/figure>\n\n\n\n<figure class=\"wp-block-image size-large\"><img loading=\"lazy\" width=\"1024\" height=\"768\" data-id=\"2886\"  src=\"https:\/\/cphilarioneslava.educacion.navarra.es\/web\/wp-content\/uploads\/2024\/04\/20240423_132421-1024x768.jpg\" alt=\"\" class=\"wp-image-2886\" srcset=\"https:\/\/cphilarioneslava.educacion.navarra.es\/web\/wp-content\/uploads\/2024\/04\/20240423_132421-1024x768.jpg 1024w, https:\/\/cphilarioneslava.educacion.navarra.es\/web\/wp-content\/uploads\/2024\/04\/20240423_132421-300x225.jpg 300w, https:\/\/cphilarioneslava.educacion.navarra.es\/web\/wp-content\/uploads\/2024\/04\/20240423_132421-768x576.jpg 768w, https:\/\/cphilarioneslava.educacion.navarra.es\/web\/wp-content\/uploads\/2024\/04\/20240423_132421.jpg 1156w\" sizes=\"(max-width: 1024px) 100vw, 1024px\" \/><\/figure>\n\n\n\n<figure class=\"wp-block-image size-large\"><img loading=\"lazy\" width=\"1024\" height=\"768\" data-id=\"2885\"  src=\"https:\/\/cphilarioneslava.educacion.navarra.es\/web\/wp-content\/uploads\/2024\/04\/20240423_132629-1024x768.jpg\" alt=\"\" class=\"wp-image-2885\" srcset=\"https:\/\/cphilarioneslava.educacion.navarra.es\/web\/wp-content\/uploads\/2024\/04\/20240423_132629-1024x768.jpg 1024w, https:\/\/cphilarioneslava.educacion.navarra.es\/web\/wp-content\/uploads\/2024\/04\/20240423_132629-300x225.jpg 300w, https:\/\/cphilarioneslava.educacion.navarra.es\/web\/wp-content\/uploads\/2024\/04\/20240423_132629-768x576.jpg 768w, https:\/\/cphilarioneslava.educacion.navarra.es\/web\/wp-content\/uploads\/2024\/04\/20240423_132629.jpg 1156w\" sizes=\"(max-width: 1024px) 100vw, 1024px\" \/><\/figure>\n\n\n\n<figure class=\"wp-block-image size-large\"><img loading=\"lazy\" width=\"1008\" height=\"756\" data-id=\"2888\"  src=\"https:\/\/cphilarioneslava.educacion.navarra.es\/web\/wp-content\/uploads\/2024\/04\/IMG_7821-1.jpg\" alt=\"\" class=\"wp-image-2888\" srcset=\"https:\/\/cphilarioneslava.educacion.navarra.es\/web\/wp-content\/uploads\/2024\/04\/IMG_7821-1.jpg 1008w, https:\/\/cphilarioneslava.educacion.navarra.es\/web\/wp-content\/uploads\/2024\/04\/IMG_7821-1-300x225.jpg 300w, https:\/\/cphilarioneslava.educacion.navarra.es\/web\/wp-content\/uploads\/2024\/04\/IMG_7821-1-768x576.jpg 768w\" sizes=\"(max-width: 1008px) 100vw, 1008px\" \/><\/figure>\n\n\n\n<figure class=\"wp-block-image size-large\"><img loading=\"lazy\" width=\"1024\" height=\"768\" data-id=\"2887\"  src=\"https:\/\/cphilarioneslava.educacion.navarra.es\/web\/wp-content\/uploads\/2024\/04\/IMG_20240423_130957-1024x768.jpg\" alt=\"\" class=\"wp-image-2887\" srcset=\"https:\/\/cphilarioneslava.educacion.navarra.es\/web\/wp-content\/uploads\/2024\/04\/IMG_20240423_130957-1024x768.jpg 1024w, https:\/\/cphilarioneslava.educacion.navarra.es\/web\/wp-content\/uploads\/2024\/04\/IMG_20240423_130957-300x225.jpg 300w, https:\/\/cphilarioneslava.educacion.navarra.es\/web\/wp-content\/uploads\/2024\/04\/IMG_20240423_130957-768x576.jpg 768w, https:\/\/cphilarioneslava.educacion.navarra.es\/web\/wp-content\/uploads\/2024\/04\/IMG_20240423_130957.jpg 1040w\" sizes=\"(max-width: 1024px) 100vw, 1024px\" \/><\/figure>\n\n\n\n<figure class=\"wp-block-image size-large\"><img loading=\"lazy\" width=\"1000\" height=\"750\" data-id=\"2889\"  src=\"https:\/\/cphilarioneslava.educacion.navarra.es\/web\/wp-content\/uploads\/2024\/04\/IMG_20240423_1311361.jpg\" alt=\"\" class=\"wp-image-2889\" srcset=\"https:\/\/cphilarioneslava.educacion.navarra.es\/web\/wp-content\/uploads\/2024\/04\/IMG_20240423_1311361.jpg 1000w, https:\/\/cphilarioneslava.educacion.navarra.es\/web\/wp-content\/uploads\/2024\/04\/IMG_20240423_1311361-300x225.jpg 300w, https:\/\/cphilarioneslava.educacion.navarra.es\/web\/wp-content\/uploads\/2024\/04\/IMG_20240423_1311361-768x576.jpg 768w\" sizes=\"(max-width: 1000px) 100vw, 1000px\" \/><\/figure>\n\n\n\n<figure class=\"wp-block-image size-large\"><img loading=\"lazy\" width=\"1020\" height=\"768\" data-id=\"2890\"  src=\"https:\/\/cphilarioneslava.educacion.navarra.es\/web\/wp-content\/uploads\/2024\/04\/IMG_20240424_123442.jpg\" alt=\"\" class=\"wp-image-2890\" srcset=\"https:\/\/cphilarioneslava.educacion.navarra.es\/web\/wp-content\/uploads\/2024\/04\/IMG_20240424_123442.jpg 1020w, https:\/\/cphilarioneslava.educacion.navarra.es\/web\/wp-content\/uploads\/2024\/04\/IMG_20240424_123442-300x226.jpg 300w, https:\/\/cphilarioneslava.educacion.navarra.es\/web\/wp-content\/uploads\/2024\/04\/IMG_20240424_123442-768x578.jpg 768w\" sizes=\"(max-width: 1020px) 100vw, 1020px\" \/><\/figure>\n\n\n\n<figure class=\"wp-block-image size-large\"><img loading=\"lazy\" width=\"1000\" height=\"750\" data-id=\"2891\"  src=\"https:\/\/cphilarioneslava.educacion.navarra.es\/web\/wp-content\/uploads\/2024\/04\/IMG20240424125916.jpg\" alt=\"\" class=\"wp-image-2891\" srcset=\"https:\/\/cphilarioneslava.educacion.navarra.es\/web\/wp-content\/uploads\/2024\/04\/IMG20240424125916.jpg 1000w, https:\/\/cphilarioneslava.educacion.navarra.es\/web\/wp-content\/uploads\/2024\/04\/IMG20240424125916-300x225.jpg 300w, https:\/\/cphilarioneslava.educacion.navarra.es\/web\/wp-content\/uploads\/2024\/04\/IMG20240424125916-768x576.jpg 768w\" sizes=\"(max-width: 1000px) 100vw, 1000px\" \/><\/figure>\n<\/figure>\n\n\n\n<figure class=\"wp-block-image size-large\"><img loading=\"lazy\" width=\"1000\" height=\"750\" src=\"https:\/\/cphilarioneslava.educacion.navarra.es\/web\/wp-content\/uploads\/2024\/04\/IMG20240424130221.jpg\" alt=\"\" class=\"wp-image-2881\" srcset=\"https:\/\/cphilarioneslava.educacion.navarra.es\/web\/wp-content\/uploads\/2024\/04\/IMG20240424130221.jpg 1000w, https:\/\/cphilarioneslava.educacion.navarra.es\/web\/wp-content\/uploads\/2024\/04\/IMG20240424130221-300x225.jpg 300w, https:\/\/cphilarioneslava.educacion.navarra.es\/web\/wp-content\/uploads\/2024\/04\/IMG20240424130221-768x576.jpg 768w\" sizes=\"(max-width: 1000px) 100vw, 1000px\" \/><\/figure>\n","protected":false},"excerpt":{"rendered":"<p>El&nbsp;D\u00eda del Libro&nbsp;es una fecha muy especial, que se celebra el 23 de abril en la mayor\u00eda de los pa\u00edses. En este d\u00eda se&nbsp;celebra la importancia de la lectura y los libros en nuestras vidas.&nbsp;En nuestro colegio, esta celebraci\u00f3n suele ser especialmente emocionante, ya que se realizan diversas&nbsp;actividades para fomentar la lectura entre nuestros ni\u00f1os [&hellip;]<\/p>\n","protected":false},"author":1,"featured_media":0,"comment_status":"open","ping_status":"open","sticky":false,"template":"","format":"standard","meta":{"_genesis_hide_title":false,"_genesis_hide_breadcrumbs":false,"_genesis_hide_singular_image":false,"_genesis_hide_footer_widgets":false,"_genesis_custom_body_class":"","_genesis_custom_post_class":"","_genesis_layout":""},"categories":[1],"tags":[],"_links":{"self":[{"href":"https:\/\/cphilarioneslava.educacion.navarra.es\/web\/wp-json\/wp\/v2\/posts\/2876"}],"collection":[{"href":"https:\/\/cphilarioneslava.educacion.navarra.es\/web\/wp-json\/wp\/v2\/posts"}],"about":[{"href":"https:\/\/cphilarioneslava.educacion.navarra.es\/web\/wp-json\/wp\/v2\/types\/post"}],"author":[{"embeddable":true,"href":"https:\/\/cphilarioneslava.educacion.navarra.es\/web\/wp-json\/wp\/v2\/users\/1"}],"replies":[{"embeddable":true,"href":"https:\/\/cphilarioneslava.educacion.navarra.es\/web\/wp-json\/wp\/v2\/comments?post=2876"}],"version-history":[{"count":4,"href":"https:\/\/cphilarioneslava.educacion.navarra.es\/web\/wp-json\/wp\/v2\/posts\/2876\/revisions"}],"predecessor-version":[{"id":2896,"href":"https:\/\/cphilarioneslava.educacion.navarra.es\/web\/wp-json\/wp\/v2\/posts\/2876\/revisions\/2896"}],"wp:attachment":[{"href":"https:\/\/cphilarioneslava.educacion.navarra.es\/web\/wp-json\/wp\/v2\/media?parent=2876"}],"wp:term":[{"taxonomy":"category","embeddable":true,"href":"https:\/\/cphilarioneslava.educacion.navarra.es\/web\/wp-json\/wp\/v2\/categories?post=2876"},{"taxonomy":"post_tag","embeddable":true,"href":"https:\/\/cphilarioneslava.educacion.navarra.es\/web\/wp-json\/wp\/v2\/tags?post=2876"}],"curies":[{"name":"wp","href":"https:\/\/api.w.org\/{rel}","templated":true}]}}