{"id":2984,"date":"2024-06-24T13:14:42","date_gmt":"2024-06-24T11:14:42","guid":{"rendered":"https:\/\/cphilarioneslava.educacion.navarra.es\/web\/?p=2984"},"modified":"2024-06-24T13:14:42","modified_gmt":"2024-06-24T11:14:42","slug":"english-week","status":"publish","type":"post","link":"https:\/\/cphilarioneslava.educacion.navarra.es\/web\/blog\/2024\/06\/24\/english-week\/","title":{"rendered":"English Week"},"content":{"rendered":"\n<p>Alumnos y alumnas de 5\u00ba curso han disfrutado much\u00edsimo en la English Week en Lekaroz.<\/p>\n\n\n\n<p>Por las ma\u00f1anas han tenido clases de lecturas, v\u00eddeos, texto de comprensi\u00f3n, kahoot\u2026 Por las tardes, ha habido deportes y juegos, visita al pueblo, baile\u2026 y por las noches ha sido el turno de las actividades nocturnas.\u00a0<\/p>\n\n\n\n<p>Adem\u00e1s, en la \u00faltima noche, participaron en el concurso song &amp; dance y hubo disco.<\/p>\n\n\n\n<p>Ha sido una experiencia inmejorable para disfrutar con sus compa\u00f1eros\/as. Seguramente ser\u00e1 un recuerdo inolvidable para ellos\/as.\u00a0<\/p>\n\n\n\n<p>Album fotos -> <a href=\"https:\/\/photos.app.goo.gl\/Zy1WcHfmQtfGkHHn6\" data-type=\"URL\" data-id=\"https:\/\/photos.app.goo.gl\/Zy1WcHfmQtfGkHHn6\">https:\/\/photos.app.goo.gl\/Zy1WcHfmQtfGkHHn6<\/a> <\/p>\n\n\n\n<figure class=\"wp-block-gallery has-nested-images columns-default is-cropped\">\n<figure class=\"wp-block-image size-large\"><img loading=\"lazy\" width=\"1024\" height=\"768\" data-id=\"2988\"  src=\"https:\/\/cphilarioneslava.educacion.navarra.es\/web\/wp-content\/uploads\/2024\/06\/IMG_20240610_214334-1024x768.jpg\" alt=\"\" class=\"wp-image-2988\" srcset=\"https:\/\/cphilarioneslava.educacion.navarra.es\/web\/wp-content\/uploads\/2024\/06\/IMG_20240610_214334-1024x768.jpg 1024w, https:\/\/cphilarioneslava.educacion.navarra.es\/web\/wp-content\/uploads\/2024\/06\/IMG_20240610_214334-300x225.jpg 300w, https:\/\/cphilarioneslava.educacion.navarra.es\/web\/wp-content\/uploads\/2024\/06\/IMG_20240610_214334-768x576.jpg 768w, https:\/\/cphilarioneslava.educacion.navarra.es\/web\/wp-content\/uploads\/2024\/06\/IMG_20240610_214334-1536x1152.jpg 1536w, https:\/\/cphilarioneslava.educacion.navarra.es\/web\/wp-content\/uploads\/2024\/06\/IMG_20240610_214334-2048x1536.jpg 2048w\" sizes=\"(max-width: 1024px) 100vw, 1024px\" \/><\/figure>\n\n\n\n<figure class=\"wp-block-image size-large\"><img loading=\"lazy\" width=\"1024\" height=\"768\" data-id=\"2985\"  src=\"https:\/\/cphilarioneslava.educacion.navarra.es\/web\/wp-content\/uploads\/2024\/06\/20240610_114203_HDR-1024x768.jpg\" alt=\"\" class=\"wp-image-2985\" srcset=\"https:\/\/cphilarioneslava.educacion.navarra.es\/web\/wp-content\/uploads\/2024\/06\/20240610_114203_HDR-1024x768.jpg 1024w, https:\/\/cphilarioneslava.educacion.navarra.es\/web\/wp-content\/uploads\/2024\/06\/20240610_114203_HDR-300x225.jpg 300w, https:\/\/cphilarioneslava.educacion.navarra.es\/web\/wp-content\/uploads\/2024\/06\/20240610_114203_HDR-768x576.jpg 768w, https:\/\/cphilarioneslava.educacion.navarra.es\/web\/wp-content\/uploads\/2024\/06\/20240610_114203_HDR-1536x1152.jpg 1536w, https:\/\/cphilarioneslava.educacion.navarra.es\/web\/wp-content\/uploads\/2024\/06\/20240610_114203_HDR-2048x1536.jpg 2048w\" sizes=\"(max-width: 1024px) 100vw, 1024px\" \/><\/figure>\n\n\n\n<figure class=\"wp-block-image size-large\"><img loading=\"lazy\" width=\"1024\" height=\"768\" data-id=\"2987\"  src=\"https:\/\/cphilarioneslava.educacion.navarra.es\/web\/wp-content\/uploads\/2024\/06\/IMG20240613145623-1024x768.jpg\" alt=\"\" class=\"wp-image-2987\" srcset=\"https:\/\/cphilarioneslava.educacion.navarra.es\/web\/wp-content\/uploads\/2024\/06\/IMG20240613145623-1024x768.jpg 1024w, https:\/\/cphilarioneslava.educacion.navarra.es\/web\/wp-content\/uploads\/2024\/06\/IMG20240613145623-300x225.jpg 300w, https:\/\/cphilarioneslava.educacion.navarra.es\/web\/wp-content\/uploads\/2024\/06\/IMG20240613145623-768x576.jpg 768w, https:\/\/cphilarioneslava.educacion.navarra.es\/web\/wp-content\/uploads\/2024\/06\/IMG20240613145623-1536x1152.jpg 1536w, https:\/\/cphilarioneslava.educacion.navarra.es\/web\/wp-content\/uploads\/2024\/06\/IMG20240613145623-2048x1536.jpg 2048w\" sizes=\"(max-width: 1024px) 100vw, 1024px\" \/><\/figure>\n\n\n\n<figure class=\"wp-block-image size-large\"><img loading=\"lazy\" width=\"1024\" height=\"768\" data-id=\"2986\"  src=\"https:\/\/cphilarioneslava.educacion.navarra.es\/web\/wp-content\/uploads\/2024\/06\/IMG_20240610_144945-1024x768.jpg\" alt=\"\" class=\"wp-image-2986\" srcset=\"https:\/\/cphilarioneslava.educacion.navarra.es\/web\/wp-content\/uploads\/2024\/06\/IMG_20240610_144945-1024x768.jpg 1024w, https:\/\/cphilarioneslava.educacion.navarra.es\/web\/wp-content\/uploads\/2024\/06\/IMG_20240610_144945-300x225.jpg 300w, https:\/\/cphilarioneslava.educacion.navarra.es\/web\/wp-content\/uploads\/2024\/06\/IMG_20240610_144945-768x576.jpg 768w, https:\/\/cphilarioneslava.educacion.navarra.es\/web\/wp-content\/uploads\/2024\/06\/IMG_20240610_144945-1536x1152.jpg 1536w, https:\/\/cphilarioneslava.educacion.navarra.es\/web\/wp-content\/uploads\/2024\/06\/IMG_20240610_144945-2048x1536.jpg 2048w\" sizes=\"(max-width: 1024px) 100vw, 1024px\" \/><\/figure>\n<\/figure>\n\n\n\n<figure class=\"wp-block-gallery has-nested-images columns-default is-cropped\">\n<figure class=\"wp-block-image size-large\"><img loading=\"lazy\" width=\"1024\" height=\"761\" data-id=\"2990\"  src=\"https:\/\/cphilarioneslava.educacion.navarra.es\/web\/wp-content\/uploads\/2024\/06\/lkjn-1-1024x761.png\" alt=\"\" class=\"wp-image-2990\" srcset=\"https:\/\/cphilarioneslava.educacion.navarra.es\/web\/wp-content\/uploads\/2024\/06\/lkjn-1-1024x761.png 1024w, https:\/\/cphilarioneslava.educacion.navarra.es\/web\/wp-content\/uploads\/2024\/06\/lkjn-1-300x223.png 300w, https:\/\/cphilarioneslava.educacion.navarra.es\/web\/wp-content\/uploads\/2024\/06\/lkjn-1-768x571.png 768w, https:\/\/cphilarioneslava.educacion.navarra.es\/web\/wp-content\/uploads\/2024\/06\/lkjn-1.png 1152w\" sizes=\"(max-width: 1024px) 100vw, 1024px\" \/><\/figure>\n\n\n\n<figure class=\"wp-block-image size-large\"><img loading=\"lazy\" width=\"1024\" height=\"764\" data-id=\"2989\"  src=\"https:\/\/cphilarioneslava.educacion.navarra.es\/web\/wp-content\/uploads\/2024\/06\/Captura-de-pantalla-2024-06-24-131141-1-1024x764.png\" alt=\"\" class=\"wp-image-2989\" srcset=\"https:\/\/cphilarioneslava.educacion.navarra.es\/web\/wp-content\/uploads\/2024\/06\/Captura-de-pantalla-2024-06-24-131141-1-1024x764.png 1024w, https:\/\/cphilarioneslava.educacion.navarra.es\/web\/wp-content\/uploads\/2024\/06\/Captura-de-pantalla-2024-06-24-131141-1-300x224.png 300w, https:\/\/cphilarioneslava.educacion.navarra.es\/web\/wp-content\/uploads\/2024\/06\/Captura-de-pantalla-2024-06-24-131141-1-768x573.png 768w, https:\/\/cphilarioneslava.educacion.navarra.es\/web\/wp-content\/uploads\/2024\/06\/Captura-de-pantalla-2024-06-24-131141-1.png 1156w\" sizes=\"(max-width: 1024px) 100vw, 1024px\" \/><\/figure>\n<\/figure>\n\n\n\n<figure class=\"wp-block-image size-large\"><img loading=\"lazy\" width=\"1024\" height=\"751\" src=\"https:\/\/cphilarioneslava.educacion.navarra.es\/web\/wp-content\/uploads\/2024\/06\/poiuyt-1-1024x751.png\" alt=\"\" class=\"wp-image-2991\" srcset=\"https:\/\/cphilarioneslava.educacion.navarra.es\/web\/wp-content\/uploads\/2024\/06\/poiuyt-1-1024x751.png 1024w, https:\/\/cphilarioneslava.educacion.navarra.es\/web\/wp-content\/uploads\/2024\/06\/poiuyt-1-300x220.png 300w, https:\/\/cphilarioneslava.educacion.navarra.es\/web\/wp-content\/uploads\/2024\/06\/poiuyt-1-768x564.png 768w, https:\/\/cphilarioneslava.educacion.navarra.es\/web\/wp-content\/uploads\/2024\/06\/poiuyt-1.png 1153w\" sizes=\"(max-width: 1024px) 100vw, 1024px\" \/><\/figure>\n","protected":false},"excerpt":{"rendered":"<p>Alumnos y alumnas de 5\u00ba curso han disfrutado much\u00edsimo en la English Week en Lekaroz. Por las ma\u00f1anas han tenido clases de lecturas, v\u00eddeos, texto de comprensi\u00f3n, kahoot\u2026 Por las tardes, ha habido deportes y juegos, visita al pueblo, baile\u2026 y por las noches ha sido el turno de las actividades nocturnas.\u00a0 Adem\u00e1s, en la [&hellip;]<\/p>\n","protected":false},"author":1,"featured_media":0,"comment_status":"open","ping_status":"open","sticky":false,"template":"","format":"standard","meta":{"_genesis_hide_title":false,"_genesis_hide_breadcrumbs":false,"_genesis_hide_singular_image":false,"_genesis_hide_footer_widgets":false,"_genesis_custom_body_class":"","_genesis_custom_post_class":"","_genesis_layout":""},"categories":[1],"tags":[],"_links":{"self":[{"href":"https:\/\/cphilarioneslava.educacion.navarra.es\/web\/wp-json\/wp\/v2\/posts\/2984"}],"collection":[{"href":"https:\/\/cphilarioneslava.educacion.navarra.es\/web\/wp-json\/wp\/v2\/posts"}],"about":[{"href":"https:\/\/cphilarioneslava.educacion.navarra.es\/web\/wp-json\/wp\/v2\/types\/post"}],"author":[{"embeddable":true,"href":"https:\/\/cphilarioneslava.educacion.navarra.es\/web\/wp-json\/wp\/v2\/users\/1"}],"replies":[{"embeddable":true,"href":"https:\/\/cphilarioneslava.educacion.navarra.es\/web\/wp-json\/wp\/v2\/comments?post=2984"}],"version-history":[{"count":1,"href":"https:\/\/cphilarioneslava.educacion.navarra.es\/web\/wp-json\/wp\/v2\/posts\/2984\/revisions"}],"predecessor-version":[{"id":2992,"href":"https:\/\/cphilarioneslava.educacion.navarra.es\/web\/wp-json\/wp\/v2\/posts\/2984\/revisions\/2992"}],"wp:attachment":[{"href":"https:\/\/cphilarioneslava.educacion.navarra.es\/web\/wp-json\/wp\/v2\/media?parent=2984"}],"wp:term":[{"taxonomy":"category","embeddable":true,"href":"https:\/\/cphilarioneslava.educacion.navarra.es\/web\/wp-json\/wp\/v2\/categories?post=2984"},{"taxonomy":"post_tag","embeddable":true,"href":"https:\/\/cphilarioneslava.educacion.navarra.es\/web\/wp-json\/wp\/v2\/tags?post=2984"}],"curies":[{"name":"wp","href":"https:\/\/api.w.org\/{rel}","templated":true}]}}